{"id":5404,"date":"2025-12-24T12:48:52","date_gmt":"2025-12-24T09:48:52","guid":{"rendered":"https:\/\/nataliaortizwed.com\/2025\/12\/24\/%d0%b2%d0%be%d1%80%d0%ba%d1%88%d0%be%d0%bf-%d0%b4%d0%bb%d1%8f-%d1%81%d0%b2%d0%b0%d0%b4%d0%b5%d0%b1%d0%bd%d1%8b%d1%85-%d1%84%d0%be%d1%82%d0%be%d0%b3%d1%80%d0%b0%d1%84%d0%be%d0%b2-%d0%bd%d0%b0-%d0%bc\/"},"modified":"2025-12-27T23:47:31","modified_gmt":"2025-12-27T20:47:31","slug":"wedding-photographers-workshop-in-mallorca","status":"publish","type":"post","link":"https:\/\/nataliaortizwed.com\/es\/wedding-photographers-workshop-in-mallorca\/","title":{"rendered":"Wedding photographers\u2019 workshop in Mallorca."},"content":{"rendered":"<blockquote>\n<p style=\"font-size: 17px;\">Cada detalle de este taller fue cuidadosamente planificado por profesionales de primer nivel.<br data-start=\"76\" data-end=\"79\">El taller de fotograf\u00eda de bodas en Mallorca puede convertirse en una fuente de inspiraci\u00f3n ideal para los especialistas que desean capturar la esencia de una celebraci\u00f3n \u00fanica.<br data-start=\"241\" data-end=\"244\">Celebrado en un entorno id\u00edlico, este taller de bodas demuestra a la perfecci\u00f3n c\u00f3mo el romance se puede combinar con la elegancia mediterr\u00e1nea.<\/p>\n<figure>\n<figure><img decoding=\"async\" src=\"https:\/\/nataliaortizwed.com\/wp-content\/uploads\/2025\/12\/Photo-122-1-683x1024.jpg\" alt=\"\"><\/figure>\n<\/figure>\n<p style=\"font-size: 17px;\">Todos los profesionales se reunieron en este taller en Mallorca y aprovecharon el evento para enriquecer sus portafolios.<br data-start=\"105\" data-end=\"108\">Durante el taller, los fot\u00f3grafos capturaron varios momentos clave: desde los preparativos y la llegada de los invitados hasta el banquete, el corte del pastel, la ceremonia y una emotiva propuesta de matrimonio.<br data-start=\"288\" data-end=\"291\">El equipo coordin\u00f3 la direcci\u00f3n creativa y explor\u00f3 m\u00faltiples enfoques, incluyendo tomas detalladas, juegos de luces y sombras, y la fotograf\u00eda desde diferentes \u00e1ngulos para transmitir la atm\u00f3sfera, la elegancia mediterr\u00e1nea y las emociones del d\u00eda.<br data-start=\"539\" data-end=\"542\">En conjunto, se cre\u00f3 un amplio material fotogr\u00e1fico que promete enriquecer cualquier portafolio.<\/p>\n<figure><img decoding=\"async\" src=\"https:\/\/nataliaortizwed.com\/wp-content\/uploads\/2025\/12\/Photo-161-702x1024.jpg\" alt=\"\"><\/figure>\n<p style=\"font-size: 17px;\">Desde el estilismo de la pareja hasta el dise\u00f1o floral y la ambientaci\u00f3n, cada elemento fue cuidadosamente seleccionado, ofreciendo ideas para quienes buscan capturar un d\u00eda importante con elegancia, naturalidad y encanto.<br data-start=\"212\" data-end=\"215\">Cada aspecto del evento fue dise\u00f1ado para inspirar a otros profesionales en su trabajo. Por ello, este taller no solo resalta la belleza del paisaje mallorqu\u00edn, sino que tambi\u00e9n transmite la esencia m\u00e1gica de la isla, ofreciendo a fot\u00f3grafos y otros especialistas la oportunidad de aprender a capturar este esp\u00edritu especial en un solo lugar. <\/p>\n<article dir=\"auto\" tabindex=\"-1\" data-turn-id=\"request-WEB:fac5ed71-b4e3-4b4a-8508-57599568dda9-2\" data-testid=\"conversation-turn-6\" data-scroll-anchor=\"true\" data-turn=\"assistant\">\n<p data-start=\"555\" data-end=\"629\">La ubicaci\u00f3n perfecta para este taller de fotograf\u00eda de bodas en Mallorca, a solo 15 minutos de Palma, se encuentra la Finca Es Cab\u00e0s, el lugar ideal para este taller.<br data-start=\"746\" data-end=\"749\">Esta hist\u00f3rica propiedad ha sido cuidadosamente restaurada, conservando su car\u00e1cter tradicional y ofreciendo un ambiente elegante que inspir\u00f3 a los fot\u00f3grafos en su trabajo creativo. Rodeada de hermosos jardines y olivares, ofrece la privacidad y la tranquilidad necesarias para que esta clase magistral sea una experiencia excepcional.<br data-start=\"1075\" data-end=\"1078\" data-is-only-node=\"\">Adem\u00e1s, el impresionante tel\u00f3n de fondo de la Serra de Tramuntana ofrece oportunidades \u00fanicas para crear im\u00e1genes impresionantes. <\/p>\n<\/article>\n<figure><img decoding=\"async\" src=\"https:\/\/nataliaortizwed.com\/wp-content\/uploads\/2025\/12\/Photo-155-1.jpg\" alt=\"\"><\/figure>\n<p style=\"font-size: 17px;\">Un traslado exclusivo para su d\u00eda especial: en esta ocasi\u00f3n, los profesionales tambi\u00e9n pudieron fotografiar un servicio de transporte de lujo en Mallorca, encargado de transportar individualmente a cada invitado, garantizando puntualidad, privacidad y un trato personalizado.<br data-start=\"277\" data-end=\"280\">Con una flota de veh\u00edculos de primera clase y una meticulosa atenci\u00f3n al detalle, el servicio ofreci\u00f3 una experiencia de transporte a la altura de este taller en Mallorca.<\/p>\n<figure><img decoding=\"async\" src=\"https:\/\/nataliaortizwed.com\/wp-content\/uploads\/2025\/12\/Photo-54-1-683x1024.jpg\" alt=\"\"><\/figure>\n<p style=\"font-size: 17px;\">Decoraci\u00f3n personalizada y rom\u00e1ntica. Las flores evocan todo tipo de emociones, especialmente en una ocasi\u00f3n como esta. Por eso, este taller de fotograf\u00eda de bodas en Mallorca demostr\u00f3 c\u00f3mo una decoraci\u00f3n floral elegante y minimalista puede convertirse en el escenario perfecto para tus fotograf\u00edas.  <\/p>\n<figure><img decoding=\"async\" src=\"https:\/\/nataliaortizwed.com\/wp-content\/uploads\/2025\/12\/Photo-229-702x1024.jpg\" alt=\"\"><\/figure>\n<p style=\"font-size: 17px;\">En este taller de fotograf\u00eda de bodas en Mallorca, exploramos c\u00f3mo la selecci\u00f3n y el \u00e9nfasis de los colores adecuados pueden transformar por completo la narrativa visual de una boda. As\u00ed, analizamos c\u00f3mo una paleta de colores blancos combinada con un ramo de tulipanes, que simboliza el amor perfecto, puede convertirse en el elemento central de tus im\u00e1genes.<\/p>\n<figure><img decoding=\"async\" src=\"https:\/\/nataliaortizwed.com\/wp-content\/uploads\/2025\/12\/Photo-92-2-683x1024.jpg\" alt=\"\"><\/figure>\n<p style=\"font-size: 17px;\">Durante el taller de fotograf\u00eda de bodas en Mallorca, tambi\u00e9n nos centramos en la importancia de los centros de mesa, donde la gypsophila y las rosas blancas aportaron un toque rom\u00e1ntico. Aprender\u00e1s t\u00e9cnicas para capturar estos detalles especiales, como velas altas adornadas con cintas doradas y perlas, que aportan un brillo cautivador a tus fotograf\u00edas. <\/p>\n<figure><img decoding=\"async\" src=\"https:\/\/nataliaortizwed.com\/wp-content\/uploads\/2025\/12\/Shooting-Mallorca-enero-finca-es-2-702x1024.jpg\" alt=\"\"><\/figure>\n<p data-start=\"0\" data-end=\"381\">En este taller de fotograf\u00eda de bodas en Mallorca, tambi\u00e9n trabajamos con maquilladores y estilistas profesionales. Como resultado, aprendimos a lograr un look fresco y natural realzando la luminosidad de la piel y utilizando tonos suaves. Vimos c\u00f3mo sus t\u00e9cnicas pueden transformar a la novia con un peinado sencillo y c\u00f3mo los fot\u00f3grafos lograron resaltar estos detalles en sus im\u00e1genes.  <\/p>\n<p data-start=\"383\" data-end=\"637\">Para los fot\u00f3grafos, es fundamental que la novia luzca hermosa durante toda la ceremonia. Por eso, con el apoyo de estilistas profesionales, el maquillaje, el peinado y, en consecuencia, las fotograf\u00edas se mantuvieron perfectos hasta el final del evento. <\/p>\n<p data-start=\"639\" data-end=\"772\" data-is-last-node=\"\" data-is-only-node=\"\">Adem\u00e1s, se cre\u00f3 contenido pr\u00e1ctico para su portafolio: primeros planos de maquillaje, texturas de piel y tomas de peinado con velo.<\/p>\n<figure><img decoding=\"async\" src=\"https:\/\/nataliaortizwed.com\/wp-content\/uploads\/2025\/12\/Photo-106-2-683x1024.jpg\" alt=\"\"><\/figure>\n<p data-start=\"0\" data-end=\"220\">Vestido de novia elegante y mediterr\u00e1neo. Para la ceremonia, la novia luci\u00f3 un vestido minimalista de silueta elegante y atemporal, confeccionado en una tela con un hermoso drapeado que realzaba su figura.<\/p>\n<p data-start=\"222\" data-end=\"444\">Para los fot\u00f3grafos, este look ofreci\u00f3 la oportunidad de capturar texturas y l\u00edneas limpias: primeros planos de la piel y la tela, detalles de los pliegues del cors\u00e9, el drapeado del velo, la abertura en la falda y el lazo en la cintura.<\/p>\n<p data-start=\"446\" data-end=\"671\" data-is-last-node=\"\" data-is-only-node=\"\">Gracias a este taller tambi\u00e9n podr\u00e1s utilizar la luz natural para jugar con luces y sombras, creando im\u00e1genes desde diferentes \u00e1ngulos que enfatizen la elegancia atemporal del dise\u00f1o y el toque mediterr\u00e1neo del estilismo.<\/p>\n<figure><img decoding=\"async\" src=\"https:\/\/nataliaortizwed.com\/wp-content\/uploads\/2025\/12\/Photo-146-1-683x1024.jpg\" alt=\"\"><\/figure>\n<p data-start=\"0\" data-end=\"300\">Un look fresco y con movimiento: el segundo vestido de la novia en una boda en Mallorca. Los fot\u00f3grafos capturaron este dise\u00f1o ligero y fluido, perfecto para una boda en Mallorca. El vestido midi destacaba con su escote halter y un lazo anudado en la nuca, que realzaba la espalda descubierta. <\/p>\n<p data-start=\"302\" data-end=\"577\" data-is-last-node=\"\" data-is-only-node=\"\">La falda, con volumen a\u00f1adido y delicados volantes en el bajo, aportaba movimiento, ideal para celebrar y divertirse durante el evento. El look se complet\u00f3 con zapatos en tono burdeos, que aportaron un toque de color que realz\u00f3 el estilo relajado de este momento del d\u00eda. <\/p>\n<figure><img decoding=\"async\" src=\"https:\/\/nataliaortizwed.com\/wp-content\/uploads\/2025\/12\/Photo-182-1-683x1024.jpg\" alt=\"\"><\/figure>\n<p style=\"font-size: 17px;\">Sofisticado y atemporal: este fue el look del novio para el taller en Mallorca.<br \/>Los fot\u00f3grafos capturaron el estilo cl\u00e1sico y elegante desarrollado para la boda en Mallorca. El traje azul oscuro, atemporal y armonioso, se destac\u00f3 en retratos y fotos de cuerpo entero, mientras que el chaleco a juego aport\u00f3 un toque de estilo sin sacrificar la comodidad. Una camisa blanca complet\u00f3 el conjunto, logrando un equilibrio entre formalidad y frescura.<br \/>Detalles como el reloj, los zapatos y la mirada de la novia tambi\u00e9n fueron capturados por los fot\u00f3grafos del taller.  <\/p>\n<figure><img decoding=\"async\" src=\"https:\/\/nataliaortizwed.com\/wp-content\/uploads\/2025\/12\/Photo-2-1-683x1024.jpg\" alt=\"\"><\/figure>\n<p style=\"font-size: 17px;\">El pastel de bodas: la pieza central capturada por los fot\u00f3grafos.<br \/>El pastel de bodas de dos pisos se convirti\u00f3 en el punto focal visual de la sesi\u00f3n. Los fot\u00f3grafos realzaron su elegante dise\u00f1o con peque\u00f1as flores blancas y perlas comestibles distribuidas uniformemente a lo largo de los laterales, coronadas con fresas.<br \/>Mediante tomas detalladas y una composici\u00f3n cuidada, documentaron la armon\u00eda entre el pastel, la iluminaci\u00f3n y el entorno, integr\u00e1ndolo en la narrativa visual de la boda mallorquina. <\/p>\n<figure><img decoding=\"async\" src=\"https:\/\/nataliaortizwed.com\/wp-content\/uploads\/2025\/12\/Shooting-Mallorca-enero-finca-es-683x1024.jpg\" alt=\"\"><\/figure>\n<p style=\"font-size: 17px;\">La coordinaci\u00f3n de este taller de fotograf\u00eda de bodas en Mallorca se dise\u00f1\u00f3 para facilitar el trabajo de los fot\u00f3grafos. Gracias a una planificaci\u00f3n detallada y a un equipo con experiencia en bodas y eventos, cada momento, desde la preparaci\u00f3n hasta la pedida de mano, est\u00e1 garantizado para ser capturado con calma, precisi\u00f3n y creatividad.<br \/>Adem\u00e1s, el calendario y la log\u00edstica se optimizaron para diversas sesiones: retratos, primeros planos, luz natural y m\u00faltiples \u00e1ngulos, creando oportunidades para enriquecer los portafolios de los profesionales. <\/p>\n<figure><img decoding=\"async\" src=\"https:\/\/nataliaortizwed.com\/wp-content\/uploads\/2025\/12\/Shooting-Mallorca-enero-finca-es-1-683x1024.jpg\" alt=\"\"><\/figure>\n<p>Con nuestro taller en Mallorca para fot\u00f3grafos de bodas, cada detalle quedar\u00e1 reflejado en tu portafolio.<br \/>Si eres un profesional que busca ideas frescas y originales para que cada boda sea inolvidable, \u00a1inspirate con esta oferta!<\/p>\n<p>Puedes contactarnos v\u00eda WhatsApp al +34 722 29 15 43<\/p>\n<\/blockquote>\n","protected":false},"excerpt":{"rendered":"<p>Cada detalle de este taller fue cuidadosamente planificado por profesionales de primer nivel.El taller de fotograf\u00eda de bodas en Mallorca puede convertirse en una fuente de inspiraci\u00f3n ideal para los especialistas que desean capturar la esencia de una celebraci\u00f3n \u00fanica.Celebrado en un entorno id\u00edlico, este taller de bodas demuestra a la perfecci\u00f3n c\u00f3mo el romance [&hellip;]<\/p>\n","protected":false},"author":1,"featured_media":5442,"comment_status":"open","ping_status":"open","sticky":false,"template":"","format":"standard","meta":{"footnotes":""},"categories":[45],"tags":[],"class_list":["post-5404","post","type-post","status-publish","format-standard","has-post-thumbnail","hentry","category-sin-categoria-es"],"_links":{"self":[{"href":"https:\/\/nataliaortizwed.com\/es\/wp-json\/wp\/v2\/posts\/5404","targetHints":{"allow":["GET"]}}],"collection":[{"href":"https:\/\/nataliaortizwed.com\/es\/wp-json\/wp\/v2\/posts"}],"about":[{"href":"https:\/\/nataliaortizwed.com\/es\/wp-json\/wp\/v2\/types\/post"}],"author":[{"embeddable":true,"href":"https:\/\/nataliaortizwed.com\/es\/wp-json\/wp\/v2\/users\/1"}],"replies":[{"embeddable":true,"href":"https:\/\/nataliaortizwed.com\/es\/wp-json\/wp\/v2\/comments?post=5404"}],"version-history":[{"count":0,"href":"https:\/\/nataliaortizwed.com\/es\/wp-json\/wp\/v2\/posts\/5404\/revisions"}],"wp:featuredmedia":[{"embeddable":true,"href":"https:\/\/nataliaortizwed.com\/es\/wp-json\/wp\/v2\/media\/5442"}],"wp:attachment":[{"href":"https:\/\/nataliaortizwed.com\/es\/wp-json\/wp\/v2\/media?parent=5404"}],"wp:term":[{"taxonomy":"category","embeddable":true,"href":"https:\/\/nataliaortizwed.com\/es\/wp-json\/wp\/v2\/categories?post=5404"},{"taxonomy":"post_tag","embeddable":true,"href":"https:\/\/nataliaortizwed.com\/es\/wp-json\/wp\/v2\/tags?post=5404"}],"curies":[{"name":"wp","href":"https:\/\/api.w.org\/{rel}","templated":true}]}}